{"id":307972,"date":"2025-02-27T09:01:52","date_gmt":"2025-02-27T09:01:52","guid":{"rendered":"https:\/\/www.nochetelecovlc.org\/2025\/?p=307972"},"modified":"2025-04-04T09:02:09","modified_gmt":"2025-04-04T09:02:09","slug":"presentacion-ntv25-en-el-palau-del-almirall","status":"publish","type":"post","link":"https:\/\/www.nochetelecovlc.org\/2025\/presentacion-ntv25-en-el-palau-del-almirall\/","title":{"rendered":"Presentaci\u00f3n #NTV25 en el Palau del Almirall"},"content":{"rendered":"\n<p>El pasado&nbsp;<strong>jueves 27 de febrero<\/strong>, tuvo lugar la presentaci\u00f3n de la&nbsp;<strong>27\u00aa Edici\u00f3n de los Premios y la Noche de las Telecomunicaciones Valencianas (NTV)<\/strong>, en el Palau del Almirall, sede de la Conselleria de Hacienda y Econom\u00eda.<\/p>\n\n\n\n<p><strong>Al evento acudieron:<\/strong><\/p>\n\n\n\n<ul class=\"wp-block-list\">\n<li>Sr. D.\u00a0<a href=\"https:\/\/www.linkedin.com\/company\/2991708\/admin\/page-posts\/published\/?share=true\" target=\"_blank\" rel=\"noreferrer noopener\"><strong>Javier Balfag\u00f3n Anad\u00f3n<\/strong><\/a>,\u00a0Director General Tecnolog\u00edas de la Informaci\u00f3n y Comunicaciones (DGTIC) en Generalitat Valenciana (GVA)<\/li>\n\n\n\n<li>Sr. D.\u00a0<a href=\"https:\/\/www.linkedin.com\/company\/2991708\/admin\/page-posts\/published\/?share=true\" target=\"_blank\" rel=\"noreferrer noopener\"><strong>Manuel Herrero Mas<\/strong><\/a>, Jefe del \u00c1rea de Innovaci\u00f3n, Tecnolog\u00eda, Agenda Digital y Captaci\u00f3n de Inversi\u00f3n (Ayuntamiento de Valencia)<\/li>\n\n\n\n<li>Sr. D.\u00a0<a href=\"https:\/\/www.linkedin.com\/company\/2991708\/admin\/page-posts\/published\/?share=true\" target=\"_blank\" rel=\"noreferrer noopener\"><strong>Francisco Ballester Merelo<\/strong><\/a>, Subdirector de C\u00e1tedras de Empresa, Empleo y Emprendimiento. ETSI Telecomunicaci\u00f3n (UPV)<\/li>\n\n\n\n<li>Sra. D\u00aa.\u00a0<a href=\"https:\/\/www.linkedin.com\/company\/2991708\/admin\/page-posts\/published\/?share=true\" target=\"_blank\" rel=\"noreferrer noopener\"><strong>Marta Mateu Arce<\/strong><\/a>, Vicegerente en Infraestructures i Serveis de Telecomunicacions i Certificaci\u00f3 (ISTEC)<\/li>\n\n\n\n<li>Sr. D.\u00a0<a href=\"https:\/\/www.linkedin.com\/company\/2991708\/admin\/page-posts\/published\/?share=true\" target=\"_blank\" rel=\"noreferrer noopener\"><strong>Sergio Riolobos,<\/strong><\/a>\u00a0Decano del Colegio Oficial de Ingenieros de Telecomunicaci\u00f3n de la Comunitat Valenciana (COITCV)<\/li>\n<\/ul>\n\n\n\n<p>Abri\u00f3 el acto&nbsp;<a href=\"https:\/\/www.linkedin.com\/company\/2991708\/admin\/page-posts\/published\/?share=true\" target=\"_blank\" rel=\"noreferrer noopener\"><strong>Manuel Herrero Mas<\/strong><\/a>, en representaci\u00f3n del Ayuntamiento de Valencia, poniendo foco en la importancia de las telecomunicaciones, algo que se ha puesto de manifiesto en la DANA que ha sufrido la provincia de Valencia, y que tambi\u00e9n destac\u00f3 en su intervenci\u00f3n posterior&nbsp;<a href=\"https:\/\/www.linkedin.com\/company\/2991708\/admin\/page-posts\/published\/?share=true\" target=\"_blank\" rel=\"noreferrer noopener\"><strong>Marta Mateu Arce<\/strong><\/a>&nbsp;en relaci\u00f3n al comportamiento de la red de emergencias de la GVA durante la emergencia.<\/p>\n\n\n\n<p><a href=\"https:\/\/www.linkedin.com\/company\/2991708\/admin\/page-posts\/published\/?share=true\" target=\"_blank\" rel=\"noreferrer noopener\"><strong>Sergio Riolobos,<\/strong><\/a>&nbsp;empez\u00f3 su discurso con un recuerdo a las v\u00edctimas de la reciente desgracia, para posteriormente comenzar el acto en s\u00ed agradeciendo la presencia de las empresas asistentes. Despu\u00e9s se present\u00f3 el lema de esta edici\u00f3n: \u00ab<strong>Talento que conecta, inteligencia que transforma<\/strong>\u00bb.<\/p>\n\n\n\n<ul class=\"wp-block-list\">\n<li>1.\u00a0<strong>\u201cTalento\u201d<\/strong>\u00a0habla de las personas, habla de los profesionales, y del potencial y valor del ingeniero de telecomunicaci\u00f3n.<\/li>\n\n\n\n<li>2.\u00a0<strong>\u201cConecta\u201d<\/strong>\u00a0tiene que ver mucho con las telecomunicaciones, as\u00ed como con la integraci\u00f3n e interconexi\u00f3n de sistemas, organizaciones y ciudadanos.\u00a0<\/li>\n\n\n\n<li>3.<strong>\u00a0\u201cInteligencia\u201d<\/strong>\u00a0entendida como la inteligencia clave, que sigue siendo la humana, as\u00ed como la inteligencia artificial, que es la revoluci\u00f3n real y presente.<\/li>\n\n\n\n<li>4.<strong>\u00a0\u201cTransformaci\u00f3n\u201d<\/strong>\u00a0representa tanto la transformaci\u00f3n digital, la promovida por la inteligencia artificial, as\u00ed como la evoluci\u00f3n de nuestra econom\u00eda y sociedad, y que los profesionales, como los ingenieros de telecomunicaci\u00f3n, tienen que liderar<\/li>\n<\/ul>\n\n\n\n<p>Fue ya en el apartado de actos o eventos que formar\u00e1n parte de la&nbsp;<strong>#NTV<\/strong>, donde&nbsp;<a href=\"https:\/\/www.linkedin.com\/company\/2991708\/admin\/page-posts\/published\/?share=true\" target=\"_blank\" rel=\"noreferrer noopener\"><strong>Francisco Ballester Merelo<\/strong><\/a>, destac\u00f3 el acto abierto a los estudiantes de M\u00e1ster en Ingenier\u00eda de Telecomunicaci\u00f3n, previsto el 8 de Mayo, y considerado como la bienvenida de la profesi\u00f3n a los pr\u00f3ximos egresados. Por \u00faltimo, y como viene siendo habitual, se seleccion\u00f3 entre todos los participantes, la imagen del evento, para posteriormente finalizar el acto poniendo en valor la NTV e invitando a todos los asistentes a participar en esta edici\u00f3n.<\/p>\n\n\n\n<p>La clausura del acto corri\u00f3 de la mano de&nbsp;<a href=\"https:\/\/www.linkedin.com\/company\/2991708\/admin\/page-posts\/published\/?share=true\" target=\"_blank\" rel=\"noreferrer noopener\"><strong>Javier Balfag\u00f3n Anad\u00f3n<\/strong><\/a>, destacando el lema y el papel relevante que tienen las comunicaciones y en particular el evento de la Noche de las Telecomunicaciones&nbsp;<strong>#NTV<\/strong>.<\/p>\n\n\n\n<p>Tras el evento tuvo lugar un vino de honor que disfrutaron todos los asistentes, acto al que se sum\u00f3 la Excma. Consellera de Hacienda y Econom\u00eda de la Generalitat Valenciana&nbsp;<a href=\"https:\/\/www.linkedin.com\/company\/2991708\/admin\/page-posts\/published\/?share=true\" target=\"_blank\" rel=\"noreferrer noopener\"><strong>Ruth Merino Pe\u00f1a<\/strong><\/a><\/p>\n\n\n\n<p><strong>\u00a1\u00a1\u00a1\u00a1Arrancamos la NTV2025!!!!<\/strong><\/p>\n\n\n\n<figure class=\"wp-block-image alignwide size-full\"><img loading=\"lazy\" decoding=\"async\" width=\"1024\" height=\"768\" src=\"https:\/\/www.nochetelecovlc.org\/2025\/files\/2025\/04\/FOTO-3-1024x768-1.jpeg\" alt=\"\" class=\"wp-image-307974\" srcset=\"https:\/\/www.nochetelecovlc.org\/2025\/files\/2025\/04\/FOTO-3-1024x768-1.jpeg 1024w, https:\/\/www.nochetelecovlc.org\/2025\/files\/2025\/04\/FOTO-3-1024x768-1-640x480.jpeg 640w, https:\/\/www.nochetelecovlc.org\/2025\/files\/2025\/04\/FOTO-3-1024x768-1-768x576.jpeg 768w, https:\/\/www.nochetelecovlc.org\/2025\/files\/2025\/04\/FOTO-3-1024x768-1-16x12.jpeg 16w, https:\/\/www.nochetelecovlc.org\/2025\/files\/2025\/04\/FOTO-3-1024x768-1-320x240.jpeg 320w\" sizes=\"auto, (max-width: 1024px) 100vw, 1024px\" \/><\/figure>\n","protected":false},"excerpt":{"rendered":"<p>El pasado&nbsp;jueves 27 de febrero, tuvo lugar la presentaci\u00f3n de la&nbsp;27\u00aa Edici\u00f3n de los Premios y la Noche de las Telecomunicaciones Valencianas (NTV), en el Palau del Almirall, sede de la Conselleria de Hacienda y Econom\u00eda. Al evento acudieron: Abri\u00f3 el acto&nbsp;Manuel Herrero Mas, en representaci\u00f3n del Ayuntamiento de Valencia, poniendo foco en la importancia&#8230;<\/p>\n","protected":false},"author":1,"featured_media":307973,"comment_status":"open","ping_status":"open","sticky":false,"template":"","format":"standard","meta":{"footnotes":""},"categories":[1],"tags":[],"class_list":["post-307972","post","type-post","status-publish","format-standard","has-post-thumbnail","hentry","category-sin-categoria","article-list-item","animate"],"_links":{"self":[{"href":"https:\/\/www.nochetelecovlc.org\/2025\/wp-json\/wp\/v2\/posts\/307972","targetHints":{"allow":["GET"]}}],"collection":[{"href":"https:\/\/www.nochetelecovlc.org\/2025\/wp-json\/wp\/v2\/posts"}],"about":[{"href":"https:\/\/www.nochetelecovlc.org\/2025\/wp-json\/wp\/v2\/types\/post"}],"author":[{"embeddable":true,"href":"https:\/\/www.nochetelecovlc.org\/2025\/wp-json\/wp\/v2\/users\/1"}],"replies":[{"embeddable":true,"href":"https:\/\/www.nochetelecovlc.org\/2025\/wp-json\/wp\/v2\/comments?post=307972"}],"version-history":[{"count":1,"href":"https:\/\/www.nochetelecovlc.org\/2025\/wp-json\/wp\/v2\/posts\/307972\/revisions"}],"predecessor-version":[{"id":307975,"href":"https:\/\/www.nochetelecovlc.org\/2025\/wp-json\/wp\/v2\/posts\/307972\/revisions\/307975"}],"wp:featuredmedia":[{"embeddable":true,"href":"https:\/\/www.nochetelecovlc.org\/2025\/wp-json\/wp\/v2\/media\/307973"}],"wp:attachment":[{"href":"https:\/\/www.nochetelecovlc.org\/2025\/wp-json\/wp\/v2\/media?parent=307972"}],"wp:term":[{"taxonomy":"category","embeddable":true,"href":"https:\/\/www.nochetelecovlc.org\/2025\/wp-json\/wp\/v2\/categories?post=307972"},{"taxonomy":"post_tag","embeddable":true,"href":"https:\/\/www.nochetelecovlc.org\/2025\/wp-json\/wp\/v2\/tags?post=307972"}],"curies":[{"name":"wp","href":"https:\/\/api.w.org\/{rel}","templated":true}]}}