{"id":307972,"date":"2025-02-27T09:01:52","date_gmt":"2025-02-27T09:01:52","guid":{"rendered":"https:\/\/www.nochetelecovlc.org\/2025\/?p=307972"},"modified":"2025-04-04T09:02:09","modified_gmt":"2025-04-04T09:02:09","slug":"presentacion-ntv25-en-el-palau-del-almirall","status":"publish","type":"post","link":"https:\/\/www.nochetelecovlc.org\/2025\/va\/presentacion-ntv25-en-el-palau-del-almirall\/","title":{"rendered":"Presentaci\u00f3 #NTV25 al Palau de l&#039;Almirall"},"content":{"rendered":"<p>El passat&nbsp;<strong>dijous 27 de febrer<\/strong>, va tenir lloc la presentaci\u00f3 de la&nbsp;<strong>27a Edici\u00f3 dels Premis i la Nit de les Telecomunicacions Valencianes (NTV)<\/strong>, al Palau de l&#039;Almirall, seu de la Conselleria d&#039;Hisenda i Economia.<\/p>\n\n\n\n<p><strong>A l&#039;esdeveniment van acudir:<\/strong><\/p>\n\n\n\n<ul class=\"wp-block-list\">\n<li>Sr. D.\u00a0<a href=\"https:\/\/www.linkedin.com\/company\/2991708\/admin\/page-posts\/published\/?share=true\" target=\"_blank\" rel=\"noreferrer noopener\"><strong>Javier Balfag\u00f3n Anad\u00f3n<\/strong><\/a>, Director General Tecnologies de la Informaci\u00f3 i Comunicacions (DGTIC) a Generalitat Valenciana (GVA)<\/li>\n\n\n\n<li>Sr. D.\u00a0<a href=\"https:\/\/www.linkedin.com\/company\/2991708\/admin\/page-posts\/published\/?share=true\" target=\"_blank\" rel=\"noreferrer noopener\"><strong>Manuel Herrero Mas<\/strong><\/a>, Cap de l&#039;\u00c0rea d&#039;Innovaci\u00f3, Tecnologia, Agenda Digital i Captaci\u00f3 d&#039;Inversi\u00f3 (Ajuntament de Val\u00e8ncia)<\/li>\n\n\n\n<li>Sr. D.\u00a0<a href=\"https:\/\/www.linkedin.com\/company\/2991708\/admin\/page-posts\/published\/?share=true\" target=\"_blank\" rel=\"noreferrer noopener\"><strong>Francisco Ballester Merelo<\/strong><\/a>, Sotsdirector de C\u00e0tedres d&#039;Empresa, Ocupaci\u00f3 i Emprenedoria. ETSI Telecomunicaci\u00f3 (UPV)<\/li>\n\n\n\n<li>Sra. D\u00aa.\u00a0<a href=\"https:\/\/www.linkedin.com\/company\/2991708\/admin\/page-posts\/published\/?share=true\" target=\"_blank\" rel=\"noreferrer noopener\"><strong>Marta Mateu Arce<\/strong><\/a>, Vicegerent a Infraestructures i Serveis de Telecomunicacions i Certificaci\u00f3 (ISTEC)<\/li>\n\n\n\n<li>Sr. D.\u00a0<a href=\"https:\/\/www.linkedin.com\/company\/2991708\/admin\/page-posts\/published\/?share=true\" target=\"_blank\" rel=\"noreferrer noopener\"><strong>Sergio Riolobos,<\/strong><\/a>\u00a0Deg\u00e0 del Col\u00b7legi Oficial d&#039;Enginyers de Telecomunicaci\u00f3 de la Comunitat Valenciana (COITCV)<\/li>\n<\/ul>\n\n\n\n<p>Va obrir l&#039;acte&nbsp;<a href=\"https:\/\/www.linkedin.com\/company\/2991708\/admin\/page-posts\/published\/?share=true\" target=\"_blank\" rel=\"noreferrer noopener\"><strong>Manuel Herrero Mas<\/strong><\/a>, en representaci\u00f3 de l&#039;Ajuntament de Val\u00e8ncia, posant focus en la import\u00e0ncia de les telecomunicacions, cosa que s&#039;ha posat de manifest a la DANA que ha patit la prov\u00edncia de Val\u00e8ncia, i que tamb\u00e9 va destacar en la seua intervenci\u00f3 posterior&nbsp;<a href=\"https:\/\/www.linkedin.com\/company\/2991708\/admin\/page-posts\/published\/?share=true\" target=\"_blank\" rel=\"noreferrer noopener\"><strong>Marta Mateu Arce<\/strong><\/a>&nbsp;pel que fa al comportament de la xarxa d&#039;emerg\u00e8ncies de la GVA durant l&#039;emerg\u00e8ncia.<\/p>\n\n\n\n<p><a href=\"https:\/\/www.linkedin.com\/company\/2991708\/admin\/page-posts\/published\/?share=true\" target=\"_blank\" rel=\"noreferrer noopener\"><strong>Sergio Riolobos,<\/strong><\/a>&nbsp;va comen\u00e7ar el seu discurs amb un record a les v\u00edctimes de la desgr\u00e0cia recent, per posteriorment comen\u00e7ar l&#039;acte en si agraint la pres\u00e8ncia de les empreses assistents. Despr\u00e9s es va presentar el lema d&#039;aquesta edici\u00f3: \u00ab<strong>Talent que connecta, intel\u00b7lig\u00e8ncia que transforma<\/strong>\u00bb.<\/p>\n\n\n\n<ul class=\"wp-block-list\">\n<li>1.\u00a0<strong>\u201cTalent\u201d<\/strong>\u00a0parla de les persones, parla dels professionals, i del potencial i el valor de l&#039;enginyer de telecomunicaci\u00f3.<\/li>\n\n\n\n<li>2.\u00a0<strong>\u201cConnecta\u201d<\/strong>\u00a0t\u00e9 a veure molt amb les telecomunicacions, aix\u00ed com amb la integraci\u00f3 i la interconnexi\u00f3 de sistemes, organitzacions i ciutadans.\u00a0<\/li>\n\n\n\n<li>3.<strong>\u00a0\u201cIntel\u00b7lig\u00e8ncia\u201d<\/strong>\u00a0entesa com la intel\u00b7lig\u00e8ncia clau, que segueix sent la humana, aix\u00ed com la intel\u00b7lig\u00e8ncia artificial, que \u00e9s la revoluci\u00f3 real i present.<\/li>\n\n\n\n<li>4.<strong>\u00a0\u201cTransformaci\u00f3\u201d<\/strong>\u00a0representa tant la transformaci\u00f3 digital, la promoguda per la intel\u00b7lig\u00e8ncia artificial, aix\u00ed com l&#039;evoluci\u00f3 de la nostra economia i societat, i que els professionals, com els enginyers de telecomunicaci\u00f3, han de liderar<\/li>\n<\/ul>\n\n\n\n<p>Va ser ja a l&#039;apartat d&#039;actes o esdeveniments que formaran part de la&nbsp;<strong>#NTV<\/strong>, on&nbsp;<a href=\"https:\/\/www.linkedin.com\/company\/2991708\/admin\/page-posts\/published\/?share=true\" target=\"_blank\" rel=\"noreferrer noopener\"><strong>Francisco Ballester Merelo<\/strong><\/a>, va destacar l&#039;acte obert als estudiants de M\u00e0ster en Enginyeria de Telecomunicaci\u00f3, previst el 8 de Maig, i considerat com la benvinguda de la professi\u00f3 als propers egressats. Finalment, i com \u00e9s habitual, es va seleccionar entre tots els participants, la imatge de l&#039;esdeveniment, per posteriorment finalitzar l&#039;acte posant en valor la NTV i convidant tots els assistents a participar en aquesta edici\u00f3.<\/p>\n\n\n\n<p>La clausura de l&#039;acte va c\u00f3rrer de la m\u00e0 de&nbsp;<a href=\"https:\/\/www.linkedin.com\/company\/2991708\/admin\/page-posts\/published\/?share=true\" target=\"_blank\" rel=\"noreferrer noopener\"><strong>Javier Balfag\u00f3n Anad\u00f3n<\/strong><\/a>, destacant el lema i el paper rellevant que tenen les comunicacions i en particular l&#039;esdeveniment de la Nit de les Telecomunicacions&nbsp;<strong>#NTV<\/strong>.<\/p>\n\n\n\n<p>Despr\u00e9s de l\u00b4esdeveniment va tenir lloc un vi d\u00b4honor que van gaudir tots els assistents, acte al qual es va sumar l\u00b4Excma. Consellera d&#039;Hisenda i Economia de la Generalitat Valenciana&nbsp;<a href=\"https:\/\/www.linkedin.com\/company\/2991708\/admin\/page-posts\/published\/?share=true\" target=\"_blank\" rel=\"noreferrer noopener\"><strong>Ruth Merino Pe\u00f1a<\/strong><\/a><\/p>\n\n\n\n<p><strong>Arranquem la NTV2025!!!!<\/strong><\/p>\n\n\n\n<figure class=\"wp-block-image alignwide size-full\"><img loading=\"lazy\" decoding=\"async\" width=\"1024\" height=\"768\" src=\"https:\/\/www.nochetelecovlc.org\/2025\/files\/2025\/04\/FOTO-3-1024x768-1.jpeg\" alt=\"\" class=\"wp-image-307974\" srcset=\"https:\/\/www.nochetelecovlc.org\/2025\/files\/2025\/04\/FOTO-3-1024x768-1.jpeg 1024w, https:\/\/www.nochetelecovlc.org\/2025\/files\/2025\/04\/FOTO-3-1024x768-1-640x480.jpeg 640w, https:\/\/www.nochetelecovlc.org\/2025\/files\/2025\/04\/FOTO-3-1024x768-1-768x576.jpeg 768w, https:\/\/www.nochetelecovlc.org\/2025\/files\/2025\/04\/FOTO-3-1024x768-1-16x12.jpeg 16w, https:\/\/www.nochetelecovlc.org\/2025\/files\/2025\/04\/FOTO-3-1024x768-1-320x240.jpeg 320w\" sizes=\"auto, (max-width: 1024px) 100vw, 1024px\" \/><\/figure>","protected":false},"excerpt":{"rendered":"<p>El pasado&nbsp;jueves 27 de febrero, tuvo lugar la presentaci\u00f3n de la&nbsp;27\u00aa Edici\u00f3n de los Premios y la Noche de las Telecomunicaciones Valencianas (NTV), en el Palau del Almirall, sede de la Conselleria de Hacienda y Econom\u00eda. Al evento acudieron: Abri\u00f3 el acto&nbsp;Manuel Herrero Mas, en representaci\u00f3n del Ayuntamiento de Valencia, poniendo foco en la importancia&#8230;<\/p>","protected":false},"author":1,"featured_media":307973,"comment_status":"open","ping_status":"open","sticky":false,"template":"","format":"standard","meta":{"footnotes":""},"categories":[1],"tags":[],"class_list":["post-307972","post","type-post","status-publish","format-standard","has-post-thumbnail","hentry","category-sin-categoria","article-list-item","animate"],"_links":{"self":[{"href":"https:\/\/www.nochetelecovlc.org\/2025\/va\/wp-json\/wp\/v2\/posts\/307972","targetHints":{"allow":["GET"]}}],"collection":[{"href":"https:\/\/www.nochetelecovlc.org\/2025\/va\/wp-json\/wp\/v2\/posts"}],"about":[{"href":"https:\/\/www.nochetelecovlc.org\/2025\/va\/wp-json\/wp\/v2\/types\/post"}],"author":[{"embeddable":true,"href":"https:\/\/www.nochetelecovlc.org\/2025\/va\/wp-json\/wp\/v2\/users\/1"}],"replies":[{"embeddable":true,"href":"https:\/\/www.nochetelecovlc.org\/2025\/va\/wp-json\/wp\/v2\/comments?post=307972"}],"version-history":[{"count":1,"href":"https:\/\/www.nochetelecovlc.org\/2025\/va\/wp-json\/wp\/v2\/posts\/307972\/revisions"}],"predecessor-version":[{"id":307975,"href":"https:\/\/www.nochetelecovlc.org\/2025\/va\/wp-json\/wp\/v2\/posts\/307972\/revisions\/307975"}],"wp:featuredmedia":[{"embeddable":true,"href":"https:\/\/www.nochetelecovlc.org\/2025\/va\/wp-json\/wp\/v2\/media\/307973"}],"wp:attachment":[{"href":"https:\/\/www.nochetelecovlc.org\/2025\/va\/wp-json\/wp\/v2\/media?parent=307972"}],"wp:term":[{"taxonomy":"category","embeddable":true,"href":"https:\/\/www.nochetelecovlc.org\/2025\/va\/wp-json\/wp\/v2\/categories?post=307972"},{"taxonomy":"post_tag","embeddable":true,"href":"https:\/\/www.nochetelecovlc.org\/2025\/va\/wp-json\/wp\/v2\/tags?post=307972"}],"curies":[{"name":"wp","href":"https:\/\/api.w.org\/{rel}","templated":true}]}}